{"@context":"https:\/\/schema.org\/","@type":"CollectionPage","@id":"https:\/\/www.prawda.cz\/deti\/#CollectionPage","headline":"D\u011bti Category","description":"","url":"https:\/\/www.prawda.cz\/deti\/","hasPart":[{"@type":"Article","@id":"https:\/\/www.prawda.cz\/konfliktni-situace-mezi-maminkami\/","headline":"Konfliktn\u00ed situace mezi maminkami","url":"https:\/\/www.prawda.cz\/konfliktni-situace-mezi-maminkami\/","datePublished":"2023-05-05","dateModified":"2023-05-05","mainEntityOfPage":"https:\/\/www.prawda.cz\/konfliktni-situace-mezi-maminkami\/","author":{"@type":"Person","@id":"https:\/\/www.prawda.cz\/author\/#Person","name":"","url":"https:\/\/www.prawda.cz\/author\/","identifier":1,"image":{"@type":"ImageObject","@id":"https:\/\/secure.gravatar.com\/avatar\/9994033610bfa8d5c75e7c2dd1b5bdd54900f4ed2e7e5c6722d4887246e31af4?s=96&d=mm&r=g","url":"https:\/\/secure.gravatar.com\/avatar\/9994033610bfa8d5c75e7c2dd1b5bdd54900f4ed2e7e5c6722d4887246e31af4?s=96&d=mm&r=g","height":96,"width":96}},"publisher":{"@type":"Organization","name":"prawda.cz","logo":{"@type":"ImageObject","@id":"\/logo.png","url":"\/logo.png","width":600,"height":60}},"image":{"@type":"ImageObject","@id":"https:\/\/www.prawda.cz\/wp-content\/uploads\/img_a341092_w2565_t1553860247.jpg","url":"https:\/\/www.prawda.cz\/wp-content\/uploads\/img_a341092_w2565_t1553860247.jpg","height":0,"width":0},"keywords":null},{"@type":"Article","@id":"https:\/\/www.prawda.cz\/skola-v-prirode-co-a-jak\/","headline":"\u0160kola v p\u0159\u00edrod\u011b \u2013 co a jak?","url":"https:\/\/www.prawda.cz\/skola-v-prirode-co-a-jak\/","datePublished":"2023-05-05","dateModified":"2023-05-05","mainEntityOfPage":"https:\/\/www.prawda.cz\/skola-v-prirode-co-a-jak\/","author":{"@type":"Person","@id":"https:\/\/www.prawda.cz\/author\/#Person","name":"","url":"https:\/\/www.prawda.cz\/author\/","identifier":1,"image":{"@type":"ImageObject","@id":"https:\/\/secure.gravatar.com\/avatar\/9994033610bfa8d5c75e7c2dd1b5bdd54900f4ed2e7e5c6722d4887246e31af4?s=96&d=mm&r=g","url":"https:\/\/secure.gravatar.com\/avatar\/9994033610bfa8d5c75e7c2dd1b5bdd54900f4ed2e7e5c6722d4887246e31af4?s=96&d=mm&r=g","height":96,"width":96}},"publisher":{"@type":"Organization","name":"prawda.cz","logo":{"@type":"ImageObject","@id":"\/logo.png","url":"\/logo.png","width":600,"height":60}},"image":{"@type":"ImageObject","@id":"https:\/\/www.prawda.cz\/wp-content\/uploads\/img_a313595_w2565_t1524424180.jpg","url":"https:\/\/www.prawda.cz\/wp-content\/uploads\/img_a313595_w2565_t1524424180.jpg","height":0,"width":0},"keywords":null},{"@type":"Article","@id":"https:\/\/www.prawda.cz\/kam-vyrazit-s-detmi-na-vylet\/","headline":"Kam vyrazit s d\u011btmi na v\u00fdlet?","url":"https:\/\/www.prawda.cz\/kam-vyrazit-s-detmi-na-vylet\/","datePublished":"2018-08-08","dateModified":"2023-05-05","mainEntityOfPage":"https:\/\/www.prawda.cz\/kam-vyrazit-s-detmi-na-vylet\/","author":{"@type":"Person","@id":"https:\/\/www.prawda.cz\/author\/#Person","name":"","url":"https:\/\/www.prawda.cz\/author\/","identifier":1,"image":{"@type":"ImageObject","@id":"https:\/\/secure.gravatar.com\/avatar\/9994033610bfa8d5c75e7c2dd1b5bdd54900f4ed2e7e5c6722d4887246e31af4?s=96&d=mm&r=g","url":"https:\/\/secure.gravatar.com\/avatar\/9994033610bfa8d5c75e7c2dd1b5bdd54900f4ed2e7e5c6722d4887246e31af4?s=96&d=mm&r=g","height":96,"width":96}},"publisher":{"@type":"Organization","name":"prawda.cz","logo":{"@type":"ImageObject","@id":"\/logo.png","url":"\/logo.png","width":600,"height":60}},"image":{"@type":"ImageObject","@id":"https:\/\/www.prawda.cz\/wp-content\/uploads\/img_a322005_w2565_t1533497119.jpg","url":"https:\/\/www.prawda.cz\/wp-content\/uploads\/img_a322005_w2565_t1533497119.jpg","height":0,"width":0},"keywords":null}]}