[{"@context":"https:\/\/schema.org\/","@type":"Article","@id":"https:\/\/www.prawda.cz\/ecko\/#Article","mainEntityOfPage":"https:\/\/www.prawda.cz\/ecko\/","headline":"Ecko","name":"Ecko","description":"Dlouho jste si neud\u011blali radost nebo se neodm\u011bnili za dob\u0159e odvedenou pr\u00e1ci? C\u00edt\u00edte ale, \u017ee by se s t\u00edm m\u011blo ur\u010dit\u011b n\u011bco ud\u011blat? Pak by bylo nejlep\u0161\u00ed, kdybyste si vyrazili n\u011bkam na n\u00e1kupy a postarali se za odm\u011bnu o sebe. Zkuste si vyhl\u00e9dnout n\u011bjak\u00e9 oble\u010den\u00ed Ecko, kter\u00e9 V\u00e1m zvedne n\u00e1ladu. Ecko Nen\u00ed \u017e\u00e1dn\u00fd d\u016fvod pro [&hellip;]","datePublished":"2025-03-12","dateModified":"2025-03-12","author":{"@type":"Person","@id":"https:\/\/www.prawda.cz\/author\/#Person","name":"","url":"https:\/\/www.prawda.cz\/author\/","identifier":1,"image":{"@type":"ImageObject","@id":"https:\/\/secure.gravatar.com\/avatar\/9994033610bfa8d5c75e7c2dd1b5bdd54900f4ed2e7e5c6722d4887246e31af4?s=96&d=mm&r=g","url":"https:\/\/secure.gravatar.com\/avatar\/9994033610bfa8d5c75e7c2dd1b5bdd54900f4ed2e7e5c6722d4887246e31af4?s=96&d=mm&r=g","height":96,"width":96}},"publisher":{"@type":"Organization","name":"prawda.cz","logo":{"@type":"ImageObject","@id":"\/logo.png","url":"\/logo.png","width":600,"height":60}},"url":"https:\/\/www.prawda.cz\/ecko\/","wordCount":192,"articleBody":"Dlouho jste si neud\u011blali radost nebo se neodm\u011bnili za dob\u0159e odvedenou pr\u00e1ci? C\u00edt\u00edte ale, \u017ee by se s t\u00edm m\u011blo ur\u010dit\u011b n\u011bco ud\u011blat? Pak by bylo nejlep\u0161\u00ed, kdybyste si vyrazili n\u011bkam na n\u00e1kupy a postarali se za odm\u011bnu o sebe. Zkuste si vyhl\u00e9dnout n\u011bjak\u00e9 oble\u010den\u00ed Ecko, kter\u00e9 V\u00e1m zvedne n\u00e1ladu.EckoNen\u00ed \u017e\u00e1dn\u00fd d\u016fvod pro to, abyste se zanedb\u00e1vali. Za dobrou pr\u00e1ci by m\u011bla b\u00fdt po\u0159\u00e1dn\u00e1 odm\u011bna, to se p\u0159eci v\u00ed. Pokud m\u00e1te r\u00e1di od\u011bvy a r\u00e1di se obl\u00e9k\u00e1te modern\u011b, odm\u011b\u0148te se t\u0159eba n\u011bjak\u00fdm tri\u010dkem z kolekce od Ecko. Uvid\u00edte, jak V\u00e1m to bude slu\u0161et!M\u00f3da a informace kolem n\u00edNejnov\u011bj\u0161\u00ed m\u00f3dn\u00ed oble\u010den\u00ed slu\u0161\u00ed ka\u017ed\u00e9mu, to se v\u00ed, ale kde ho hledat? Pokud se okam\u017eit\u011b nem\u016f\u017eete vydat do n\u011bkter\u00e9ho z kamenn\u00fdch obchod\u016f, pak zkuste internetov\u00e9 str\u00e1nky, kde najdete tak\u00e9 oble\u010den\u00ed a m\u00f3dn\u00ed dopl\u0148ky zna\u010dky Ecko                                                                                                                                                                                                                                                                                                                                                                                                "},{"@context":"https:\/\/schema.org\/","@type":"BreadcrumbList","itemListElement":[{"@type":"ListItem","position":1,"name":"Ecko","item":"https:\/\/www.prawda.cz\/ecko\/#breadcrumbitem"}]}]