[{"@context":"https:\/\/schema.org\/","@type":"Article","@id":"https:\/\/www.prawda.cz\/jak-osvitit-loznici-a-obyvak\/#Article","mainEntityOfPage":"https:\/\/www.prawda.cz\/jak-osvitit-loznici-a-obyvak\/","headline":"Jak osv\u00edtit lo\u017enici a ob\u00fdv\u00e1k","name":"Jak osv\u00edtit lo\u017enici a ob\u00fdv\u00e1k","description":"&#13; Denn\u00ed, ale i um\u011bl\u00e9 sv\u011btlo je v interi\u00e9ru kl\u00ed\u010dov\u00e9 nejen pro to, abyste si nekazili o\u010di, ale tak\u00e9 kv\u016fli celkov\u00e9 atmosf\u00e9\u0159e. Z\u00e1le\u017e\u00ed nejen na typu \u017e\u00e1rovky, ale tak\u00e9 na druhu lustr\u016f a jejich rozm\u00edst\u011bn\u00ed. Zejm\u00e9na v lo\u017enici z\u00e1le\u017e\u00ed na tom, kolik osob u v\u00e1s \u017eije a k jak\u00fdm \u00fa\u010del\u016fm ji budete pou\u017e\u00edvat.&#13; &#13; &#13; [&hellip;]","datePublished":"2019-02-19","dateModified":"2023-05-05","author":{"@type":"Person","@id":"https:\/\/www.prawda.cz\/author\/#Person","name":"","url":"https:\/\/www.prawda.cz\/author\/","identifier":1,"image":{"@type":"ImageObject","@id":"https:\/\/secure.gravatar.com\/avatar\/9994033610bfa8d5c75e7c2dd1b5bdd54900f4ed2e7e5c6722d4887246e31af4?s=96&d=mm&r=g","url":"https:\/\/secure.gravatar.com\/avatar\/9994033610bfa8d5c75e7c2dd1b5bdd54900f4ed2e7e5c6722d4887246e31af4?s=96&d=mm&r=g","height":96,"width":96}},"publisher":{"@type":"Organization","name":"prawda.cz","logo":{"@type":"ImageObject","@id":"\/logo.png","url":"\/logo.png","width":600,"height":60}},"image":{"@type":"ImageObject","@id":"https:\/\/www.prawda.cz\/wp-content\/uploads\/img_a337619_w2565_t1550663765.jpg","url":"https:\/\/www.prawda.cz\/wp-content\/uploads\/img_a337619_w2565_t1550663765.jpg","height":0,"width":0},"url":"https:\/\/www.prawda.cz\/jak-osvitit-loznici-a-obyvak\/","about":["D\u016fm a zahrada"],"wordCount":416,"articleBody":"&#13; Denn\u00ed, ale i um\u011bl\u00e9 sv\u011btlo je v interi\u00e9ru kl\u00ed\u010dov\u00e9 nejen pro to, abyste si nekazili o\u010di, ale tak\u00e9 kv\u016fli celkov\u00e9 atmosf\u00e9\u0159e. Z\u00e1le\u017e\u00ed nejen na typu \u017e\u00e1rovky, ale tak\u00e9 na druhu lustr\u016f a jejich rozm\u00edst\u011bn\u00ed. Zejm\u00e9na v lo\u017enici z\u00e1le\u017e\u00ed na tom, kolik osob u v\u00e1s \u017eije a k jak\u00fdm \u00fa\u010del\u016fm ji budete pou\u017e\u00edvat.&#13; &#13; &#13; Sv\u011btlo a sp\u00e1nek&#13; Pro jednotlivce nen\u00ed v\u016fbec t\u011b\u017ek\u00e1 sv\u00edtidla vybrat a rozm\u00edstit. Pokud ale pl\u00e1nujete dopln\u011bn\u00ed man\u017eelsk\u00e9 lo\u017enice, tak to bude trochu slo\u017eit\u011bj\u0161\u00ed. Zejm\u00e9na v p\u0159\u00edpad\u011b, kdy vedle sebe sp\u00ed \u010dten\u00e1\u0159 a sp\u00e1\u010d. Pokud si mysl\u00edte na klasick\u00e9 lampi\u010dky na no\u010dn\u00edm stolku, tak to je pro v\u00e1s vhodn\u00e9 pouze v p\u0159\u00edpad\u011b, \u017ee chcete m\u00edstnost skute\u010dn\u011b vyu\u017e\u00edvat ke span\u00ed.&#13; &#13; Chcete-li si \u010d\u00edst a postel je jedin\u00e9 m\u00edsto, kde na to m\u00e1te \u010das, tak zvolte jin\u00fd p\u0159\u00edstup. A nezapom\u00ednejte na to, \u017ee sice pot\u0159ebujete dob\u0159e vid\u011bt na knihu, ale tak\u00e9 nevzbudit sp\u00edc\u00edho partnera vedle v\u00e1s. Ide\u00e1ln\u00ed \u0159e\u0161en\u00ed jsou nastaviteln\u00e1 sv\u00edtidla instalovan\u00e1 nad postel\u00ed. A kdy\u017e maj\u00ed stm\u00edva\u010d, tak to pro v\u00e1s bude dokonal\u00e9.&#13; &#13; Barva z\u00e1\u0159ivek by m\u011bla b\u00fdt \u017elut\u00e1, ale je to velmi individu\u00e1ln\u00ed. Vzhledem k tomu, \u017ee budete k \u017e\u00e1rovce bl\u00edzko, tak nepot\u0159ebujete silnou \u017e\u00e1rovku. Bohat\u011b v\u00e1m posta\u010d\u00ed 40W. Na halogenov\u00e9 \u017e\u00e1rovky zapome\u0148te, proto\u017ee ty pro va\u0161e o\u010di nejsou v tomto p\u0159\u00edpad\u011b v\u016fbec dobr\u00e9.&#13; &#13; Centr\u00e1ln\u00ed lustr je minulost&#13; Po cel\u00e1 stalet\u00ed se v ob\u00fdvac\u00edm pokoji vyu\u017e\u00edvalo pouze jedno sv\u011btlo. Dnes je to ale obrovskou minulost\u00ed. Pokud chcete tento stereotyp p\u0159ekonat, zvolte n\u00e1st\u011bnn\u00e1 sv\u00edtidla, kter\u00e1 vyu\u017e\u00edvaj\u00ed odra\u017een\u00e9 sv\u011btlo od st\u011bny \u010di stropu. Pokud nebudete moci jinak, tak se spolehn\u011bte na lustru se stm\u00edva\u010dem.&#13; &#13; K tomu p\u0159idejte stojac\u00ed lampy. Skv\u011bl\u00fdm zdrojem je nap\u0159\u00edklad lampa postaven\u00e1 vedle k\u0159esla na \u010dten\u00ed. Bude tam nejen praktick\u00e1, ale tak\u00e9 velice kr\u00e1sn\u00e1. Stejn\u011b tak m\u016f\u017eete um\u00edstit malou lampi\u010dku k televizi, k psac\u00edmu stolu apod. A\u0165 se rozhodnete pro cokoli, tak v\u017edy myslete na dostatek slun\u00ed\u010dka. Vzhled je pochopiteln\u011b na v\u00e1s a ze z\u00e1\u0159ivek se spol\u00e9hejte nejv\u00edc na LED z\u00e1\u0159ivky.                                                                                                                                                                                                                                                                                                                                                                                        4.4\/5 - (5 votes)        "},{"@context":"https:\/\/schema.org\/","@type":"BreadcrumbList","itemListElement":[{"@type":"ListItem","position":1,"name":"Jak osv\u00edtit lo\u017enici a ob\u00fdv\u00e1k","item":"https:\/\/www.prawda.cz\/jak-osvitit-loznici-a-obyvak\/#breadcrumbitem"}]}]