[{"@context":"https:\/\/schema.org\/","@type":"Blog","@id":"https:\/\/www.prawda.cz#Blog","headline":"Prawda","description":"\nJsme skute\u010dn\u011b up\u0159\u00edmn\u011b sk\u00e1lopevn\u011b p\u0159esv\u011bd\u010deni o tom, \u017ee hlup\u00e1ci n\u00e1\u0161 web ne\u010dtou. Kdyby ho toti\u017e \u010detli, nebyli by u\u017e hlup\u00e1ky. A co vy? \u010ctete n\u00e1\u0161 web?","url":"https:\/\/www.prawda.cz","hasPart":[{"@type":"Article","@id":"https:\/\/www.prawda.cz\/libani-nam-prodlouzi-zivot\/","headline":"L\u00edb\u00e1n\u00ed n\u00e1m prodlou\u017e\u00ed \u017eivot","url":"https:\/\/www.prawda.cz\/libani-nam-prodlouzi-zivot\/","datePublished":"2025-11-28","dateModified":"2025-11-28","mainEntityOfPage":"https:\/\/www.prawda.cz\/libani-nam-prodlouzi-zivot\/","author":{"@type":"Person","@id":"https:\/\/www.prawda.cz\/author\/#Person","name":"","url":"https:\/\/www.prawda.cz\/author\/","identifier":1,"image":{"@type":"ImageObject","@id":"https:\/\/secure.gravatar.com\/avatar\/9994033610bfa8d5c75e7c2dd1b5bdd54900f4ed2e7e5c6722d4887246e31af4?s=96&d=mm&r=g","url":"https:\/\/secure.gravatar.com\/avatar\/9994033610bfa8d5c75e7c2dd1b5bdd54900f4ed2e7e5c6722d4887246e31af4?s=96&d=mm&r=g","height":96,"width":96}},"publisher":{"@type":"Organization","name":"prawda.cz","logo":{"@type":"ImageObject","@id":"\/logo.png","url":"\/logo.png","width":600,"height":60}},"image":{"@type":"ImageObject","@id":"https:\/\/www.prawda.cz\/wp-content\/uploads\/art280224_3x2_20260616_114139_hH23zE.jpg","url":"https:\/\/www.prawda.cz\/wp-content\/uploads\/art280224_3x2_20260616_114139_hH23zE.jpg","height":0,"width":0},"wordCount":502,"keywords":null},{"@type":"Article","@id":"https:\/\/www.prawda.cz\/plastova-okna-v-tabore-mohou-prispet-k-pohodovemu-bydleni-v-tomto-krasnem-koutu-nasi-zeme\/","headline":"Plastov\u00e1 okna v T\u00e1bo\u0159e mohou p\u0159isp\u011bt k pohodov\u00e9mu bydlen\u00ed v tomto kr\u00e1sn\u00e9m koutu na\u0161\u00ed zem\u011b","url":"https:\/\/www.prawda.cz\/plastova-okna-v-tabore-mohou-prispet-k-pohodovemu-bydleni-v-tomto-krasnem-koutu-nasi-zeme\/","datePublished":"2025-11-16","dateModified":"2025-11-16","mainEntityOfPage":"https:\/\/www.prawda.cz\/plastova-okna-v-tabore-mohou-prispet-k-pohodovemu-bydleni-v-tomto-krasnem-koutu-nasi-zeme\/","author":{"@type":"Person","@id":"https:\/\/www.prawda.cz\/author\/#Person","name":"","url":"https:\/\/www.prawda.cz\/author\/","identifier":1,"image":{"@type":"ImageObject","@id":"https:\/\/secure.gravatar.com\/avatar\/9994033610bfa8d5c75e7c2dd1b5bdd54900f4ed2e7e5c6722d4887246e31af4?s=96&d=mm&r=g","url":"https:\/\/secure.gravatar.com\/avatar\/9994033610bfa8d5c75e7c2dd1b5bdd54900f4ed2e7e5c6722d4887246e31af4?s=96&d=mm&r=g","height":96,"width":96}},"publisher":{"@type":"Organization","name":"prawda.cz","logo":{"@type":"ImageObject","@id":"\/logo.png","url":"\/logo.png","width":600,"height":60}},"image":{"@type":"ImageObject","@id":"https:\/\/www.prawda.cz\/wp-content\/uploads\/city-943063_640.jpg","url":"https:\/\/www.prawda.cz\/wp-content\/uploads\/city-943063_640.jpg","height":0,"width":0},"wordCount":725,"keywords":null},{"@type":"Article","@id":"https:\/\/www.prawda.cz\/mejte-firemni-penize-plne-pod-svou-kontrolou\/","headline":"M\u011bjte firemn\u00ed pen\u00edze pln\u011b pod svou kontrolou","url":"https:\/\/www.prawda.cz\/mejte-firemni-penize-plne-pod-svou-kontrolou\/","datePublished":"2025-08-30","dateModified":"2025-08-30","mainEntityOfPage":"https:\/\/www.prawda.cz\/mejte-firemni-penize-plne-pod-svou-kontrolou\/","author":{"@type":"Person","@id":"https:\/\/www.prawda.cz\/author\/#Person","name":"","url":"https:\/\/www.prawda.cz\/author\/","identifier":1,"image":{"@type":"ImageObject","@id":"https:\/\/secure.gravatar.com\/avatar\/9994033610bfa8d5c75e7c2dd1b5bdd54900f4ed2e7e5c6722d4887246e31af4?s=96&d=mm&r=g","url":"https:\/\/secure.gravatar.com\/avatar\/9994033610bfa8d5c75e7c2dd1b5bdd54900f4ed2e7e5c6722d4887246e31af4?s=96&d=mm&r=g","height":96,"width":96}},"publisher":{"@type":"Organization","name":"prawda.cz","logo":{"@type":"ImageObject","@id":"\/logo.png","url":"\/logo.png","width":600,"height":60}},"image":null,"wordCount":221,"keywords":null},{"@type":"Article","@id":"https:\/\/www.prawda.cz\/recept-na-levne-bydleni\/","headline":"Recept na levn\u00e9 bydlen\u00ed","url":"https:\/\/www.prawda.cz\/recept-na-levne-bydleni\/","datePublished":"2025-08-24","dateModified":"2025-08-24","mainEntityOfPage":"https:\/\/www.prawda.cz\/recept-na-levne-bydleni\/","author":{"@type":"Person","@id":"https:\/\/www.prawda.cz\/author\/#Person","name":"","url":"https:\/\/www.prawda.cz\/author\/","identifier":1,"image":{"@type":"ImageObject","@id":"https:\/\/secure.gravatar.com\/avatar\/9994033610bfa8d5c75e7c2dd1b5bdd54900f4ed2e7e5c6722d4887246e31af4?s=96&d=mm&r=g","url":"https:\/\/secure.gravatar.com\/avatar\/9994033610bfa8d5c75e7c2dd1b5bdd54900f4ed2e7e5c6722d4887246e31af4?s=96&d=mm&r=g","height":96,"width":96}},"publisher":{"@type":"Organization","name":"prawda.cz","logo":{"@type":"ImageObject","@id":"\/logo.png","url":"\/logo.png","width":600,"height":60}},"image":null,"wordCount":212,"keywords":null},{"@type":"Article","@id":"https:\/\/www.prawda.cz\/upozornete-na-sebe\/","headline":"Upozorn\u011bte na sebe","url":"https:\/\/www.prawda.cz\/upozornete-na-sebe\/","datePublished":"2025-08-18","dateModified":"2025-08-18","mainEntityOfPage":"https:\/\/www.prawda.cz\/upozornete-na-sebe\/","author":{"@type":"Person","@id":"https:\/\/www.prawda.cz\/author\/#Person","name":"","url":"https:\/\/www.prawda.cz\/author\/","identifier":1,"image":{"@type":"ImageObject","@id":"https:\/\/secure.gravatar.com\/avatar\/9994033610bfa8d5c75e7c2dd1b5bdd54900f4ed2e7e5c6722d4887246e31af4?s=96&d=mm&r=g","url":"https:\/\/secure.gravatar.com\/avatar\/9994033610bfa8d5c75e7c2dd1b5bdd54900f4ed2e7e5c6722d4887246e31af4?s=96&d=mm&r=g","height":96,"width":96}},"publisher":{"@type":"Organization","name":"prawda.cz","logo":{"@type":"ImageObject","@id":"\/logo.png","url":"\/logo.png","width":600,"height":60}},"image":null,"wordCount":217,"keywords":null},{"@type":"Article","@id":"https:\/\/www.prawda.cz\/nechceme-se-zadluzit\/","headline":"Nechceme se zadlu\u017eit","url":"https:\/\/www.prawda.cz\/nechceme-se-zadluzit\/","datePublished":"2025-08-14","dateModified":"2025-08-14","mainEntityOfPage":"https:\/\/www.prawda.cz\/nechceme-se-zadluzit\/","author":{"@type":"Person","@id":"https:\/\/www.prawda.cz\/author\/#Person","name":"","url":"https:\/\/www.prawda.cz\/author\/","identifier":1,"image":{"@type":"ImageObject","@id":"https:\/\/secure.gravatar.com\/avatar\/9994033610bfa8d5c75e7c2dd1b5bdd54900f4ed2e7e5c6722d4887246e31af4?s=96&d=mm&r=g","url":"https:\/\/secure.gravatar.com\/avatar\/9994033610bfa8d5c75e7c2dd1b5bdd54900f4ed2e7e5c6722d4887246e31af4?s=96&d=mm&r=g","height":96,"width":96}},"publisher":{"@type":"Organization","name":"prawda.cz","logo":{"@type":"ImageObject","@id":"\/logo.png","url":"\/logo.png","width":600,"height":60}},"image":null,"wordCount":212,"keywords":null},{"@type":"Article","@id":"https:\/\/www.prawda.cz\/pracovni-pomucky-a-odevy-za-prijatelne-ceny-jsou-tu-pro-kazdeho\/","headline":"Pracovn\u00ed pom\u016fcky a od\u011bvy za p\u0159ijateln\u00e9 ceny jsou tu pro ka\u017ed\u00e9ho!","url":"https:\/\/www.prawda.cz\/pracovni-pomucky-a-odevy-za-prijatelne-ceny-jsou-tu-pro-kazdeho\/","datePublished":"2025-08-09","dateModified":"2025-08-09","mainEntityOfPage":"https:\/\/www.prawda.cz\/pracovni-pomucky-a-odevy-za-prijatelne-ceny-jsou-tu-pro-kazdeho\/","author":{"@type":"Person","@id":"https:\/\/www.prawda.cz\/author\/#Person","name":"","url":"https:\/\/www.prawda.cz\/author\/","identifier":1,"image":{"@type":"ImageObject","@id":"https:\/\/secure.gravatar.com\/avatar\/9994033610bfa8d5c75e7c2dd1b5bdd54900f4ed2e7e5c6722d4887246e31af4?s=96&d=mm&r=g","url":"https:\/\/secure.gravatar.com\/avatar\/9994033610bfa8d5c75e7c2dd1b5bdd54900f4ed2e7e5c6722d4887246e31af4?s=96&d=mm&r=g","height":96,"width":96}},"publisher":{"@type":"Organization","name":"prawda.cz","logo":{"@type":"ImageObject","@id":"\/logo.png","url":"\/logo.png","width":600,"height":60}},"image":null,"wordCount":268,"keywords":null},{"@type":"Article","@id":"https:\/\/www.prawda.cz\/popularita-bileho-sportu\/","headline":"Popularita b\u00edl\u00e9ho sportu","url":"https:\/\/www.prawda.cz\/popularita-bileho-sportu\/","datePublished":"2025-08-01","dateModified":"2025-08-01","mainEntityOfPage":"https:\/\/www.prawda.cz\/popularita-bileho-sportu\/","author":{"@type":"Person","@id":"https:\/\/www.prawda.cz\/author\/#Person","name":"","url":"https:\/\/www.prawda.cz\/author\/","identifier":1,"image":{"@type":"ImageObject","@id":"https:\/\/secure.gravatar.com\/avatar\/9994033610bfa8d5c75e7c2dd1b5bdd54900f4ed2e7e5c6722d4887246e31af4?s=96&d=mm&r=g","url":"https:\/\/secure.gravatar.com\/avatar\/9994033610bfa8d5c75e7c2dd1b5bdd54900f4ed2e7e5c6722d4887246e31af4?s=96&d=mm&r=g","height":96,"width":96}},"publisher":{"@type":"Organization","name":"prawda.cz","logo":{"@type":"ImageObject","@id":"\/logo.png","url":"\/logo.png","width":600,"height":60}},"image":null,"wordCount":214,"keywords":null},{"@type":"Article","@id":"https:\/\/www.prawda.cz\/milostny-zivot-nesmi-zaniknout\/","headline":"Milostn\u00fd \u017eivot nesm\u00ed zaniknout","url":"https:\/\/www.prawda.cz\/milostny-zivot-nesmi-zaniknout\/","datePublished":"2025-07-25","dateModified":"2025-07-25","mainEntityOfPage":"https:\/\/www.prawda.cz\/milostny-zivot-nesmi-zaniknout\/","author":{"@type":"Person","@id":"https:\/\/www.prawda.cz\/author\/#Person","name":"","url":"https:\/\/www.prawda.cz\/author\/","identifier":1,"image":{"@type":"ImageObject","@id":"https:\/\/secure.gravatar.com\/avatar\/9994033610bfa8d5c75e7c2dd1b5bdd54900f4ed2e7e5c6722d4887246e31af4?s=96&d=mm&r=g","url":"https:\/\/secure.gravatar.com\/avatar\/9994033610bfa8d5c75e7c2dd1b5bdd54900f4ed2e7e5c6722d4887246e31af4?s=96&d=mm&r=g","height":96,"width":96}},"publisher":{"@type":"Organization","name":"prawda.cz","logo":{"@type":"ImageObject","@id":"\/logo.png","url":"\/logo.png","width":600,"height":60}},"image":null,"wordCount":250,"keywords":null},{"@type":"Article","@id":"https:\/\/www.prawda.cz\/musite-byt-videt\/","headline":"Mus\u00edte b\u00fdt vid\u011bt","url":"https:\/\/www.prawda.cz\/musite-byt-videt\/","datePublished":"2025-07-19","dateModified":"2025-07-19","mainEntityOfPage":"https:\/\/www.prawda.cz\/musite-byt-videt\/","author":{"@type":"Person","@id":"https:\/\/www.prawda.cz\/author\/#Person","name":"","url":"https:\/\/www.prawda.cz\/author\/","identifier":1,"image":{"@type":"ImageObject","@id":"https:\/\/secure.gravatar.com\/avatar\/9994033610bfa8d5c75e7c2dd1b5bdd54900f4ed2e7e5c6722d4887246e31af4?s=96&d=mm&r=g","url":"https:\/\/secure.gravatar.com\/avatar\/9994033610bfa8d5c75e7c2dd1b5bdd54900f4ed2e7e5c6722d4887246e31af4?s=96&d=mm&r=g","height":96,"width":96}},"publisher":{"@type":"Organization","name":"prawda.cz","logo":{"@type":"ImageObject","@id":"\/logo.png","url":"\/logo.png","width":600,"height":60}},"image":null,"wordCount":219,"keywords":null}]},{"@context":"https:\/\/schema.org","@type":"WebSite","@id":"https:\/\/www.prawda.cz\/#website","name":"Prawda","url":"https:\/\/www.prawda.cz","potentialAction":{"@type":"SearchAction","target":"https:\/\/www.prawda.cz\/?s={search_term_string}","query-input":"required name=search_term_string"}}]