[{"@context":"https:\/\/schema.org\/","@type":"Article","@id":"https:\/\/www.prawda.cz\/pes-v-dome\/#Article","mainEntityOfPage":"https:\/\/www.prawda.cz\/pes-v-dome\/","headline":"Pes v dom\u011b","name":"Pes v dom\u011b","description":"Po\u0159\u00edzen\u00ed psa je ur\u010dit\u011b d\u016fle\u017eit\u00fdm rozhodnut\u00edm v \u017eivot\u011b a tento krok by m\u011bl b\u00fdt dob\u0159e a pe\u010dliv\u011b promy\u0161len\u00fd, jedn\u00e1 se toti\u017e o rozhodnut\u00ed na n\u011bkolik dal\u0161\u00edch let. Pokud si n\u011bkdo psa po\u0159\u00edd\u00ed jen proto, \u017ee to je zrovna v m\u00f3d\u011b, asi to nen\u00ed zrovna ten nejlep\u0161\u00ed d\u016fvod. A tak si dob\u0159e uv\u011bdomte, jak jste na [&hellip;]","datePublished":"2023-05-05","dateModified":"2023-05-05","author":{"@type":"Person","@id":"https:\/\/www.prawda.cz\/author\/#Person","name":"","url":"https:\/\/www.prawda.cz\/author\/","identifier":1,"image":{"@type":"ImageObject","@id":"https:\/\/secure.gravatar.com\/avatar\/9994033610bfa8d5c75e7c2dd1b5bdd54900f4ed2e7e5c6722d4887246e31af4?s=96&d=mm&r=g","url":"https:\/\/secure.gravatar.com\/avatar\/9994033610bfa8d5c75e7c2dd1b5bdd54900f4ed2e7e5c6722d4887246e31af4?s=96&d=mm&r=g","height":96,"width":96}},"publisher":{"@type":"Organization","name":"prawda.cz","logo":{"@type":"ImageObject","@id":"\/logo.png","url":"\/logo.png","width":600,"height":60}},"image":{"@type":"ImageObject","@id":"https:\/\/www.prawda.cz\/wp-content\/uploads\/img_a331014_w2565_t1543416587.jpg","url":"https:\/\/www.prawda.cz\/wp-content\/uploads\/img_a331014_w2565_t1543416587.jpg","height":0,"width":0},"url":"https:\/\/www.prawda.cz\/pes-v-dome\/","about":["D\u016fm a zahrada"],"wordCount":443,"articleBody":"Po\u0159\u00edzen\u00ed psa je ur\u010dit\u011b d\u016fle\u017eit\u00fdm rozhodnut\u00edm v \u017eivot\u011b a tento krok by m\u011bl b\u00fdt dob\u0159e a pe\u010dliv\u011b promy\u0161len\u00fd, jedn\u00e1 se toti\u017e o rozhodnut\u00ed na n\u011bkolik dal\u0161\u00edch let. Pokud si n\u011bkdo psa po\u0159\u00edd\u00ed jen proto, \u017ee to je zrovna v m\u00f3d\u011b, asi to nen\u00ed zrovna ten nejlep\u0161\u00ed d\u016fvod. A tak si dob\u0159e uv\u011bdomte, jak jste na tom \u010dasov\u011b, zda se mu budete moci opravdu v\u011bnovat a tak\u00e9 kolik m\u00edsta v dom\u011b m\u00e1te. Do mal\u00e9ho prostoru nen\u00ed zrovna nejlep\u0161\u00ed volbou po\u0159\u00eddit si velk\u00e9 plemeno, tomu sp\u00ed\u0161e vyhovuje d\u016fm a velk\u00e1 zahrada. Jestli\u017ee jste v\u0161echno pe\u010dliv\u011b zv\u00e1\u017eili a va\u0161e rozhodnut\u00ed dostalo zelenou, pak je \u010das p\u0159ipravit se na p\u0159\u00edchod nov\u00e9ho \u010dlena dom\u00e1cnosti.&#13; &#13; &#13; Co v\u0161echno v\u00e1s \u010dek\u00e1 a nemine? &#13; &#13; \u010cekaj\u00ed v\u00e1s dv\u011b podstatn\u00e9 v\u011bci, tedy za\u0159\u00edzen\u00ed interi\u00e9ru a i p\u0159izp\u016fsoben\u00ed zahrady, aby ji mohl u\u017e\u00edvat i pejsek a tak\u00e9 jeho v\u00fdchova. Pokud budou tyto v\u011bci v symbi\u00f3ze, tak se v\u00e1m bude \u017e\u00edt klidn\u011b.&#13; &#13; Odoln\u00e1 podlaha a za\u0159\u00edzen\u00ed pokoj\u016f jsou p\u0159edpokladem toho, \u017ee pejsek hlavn\u011b v obdob\u00ed \u0161t\u011bn\u011bc\u00edm, nenap\u00e1ch\u00e1 velk\u00e9 \u0161kody. Tak\u00e9 zbyte\u010dn\u011b nikde nenech\u00e1vejte povalovat voln\u011b v\u011bci, kter\u00e9 by mohly slou\u017eit jako l\u00e1kadlo na hran\u00ed. M\u00edsto vyhrazen\u00e9 psovi by m\u011blo odpov\u00eddat jeho t\u011blesn\u00e9 konstrukci, mal\u00e9mu sta\u010d\u00ed men\u0161\u00ed prostor, v\u011bt\u0161\u00ed bude vy\u017eadovat v\u00edce m\u00edsta a hlavn\u011b mo\u017enost voln\u00e9ho pohybu, nejl\u00e9pe na zahrad\u011b. Pokud jste do te\u010f m\u011bli koberce, pak se s nimi rozlu\u010dte, ide\u00e1ln\u00ed je hladk\u00fd povrch, kter\u00fd se lehce udr\u017euje.&#13; &#13; Sv\u00e9 m\u00edsto v ob\u00fdvac\u00edm pokoji mus\u00ed m\u00edt i v\u00e1\u0161 nov\u00fd \u010dty\u0159noh\u00fd \u010dlen, ov\u0161em m\u011bl by m\u00edt ur\u010denou konkr\u00e9tn\u00ed \u010d\u00e1st, sedac\u00ed soupravu vybavte dekou, kter\u00e1 se d\u00e1 jednodu\u0161e vyprat. Ide\u00e1ln\u00ed je v\u0161echno, co se d\u00e1 jednodu\u0161e ot\u0159\u00edt, vyprat nebo vys\u00e1t.&#13; &#13; Dve\u0159e i zdi dostanou tak\u00e9 v\u00edce zabrat, st\u011bny proto vymalujte odolnou barvou, vyhn\u011bte se b\u00edl\u00e9 a sv\u011btl\u00fdm odst\u00edn\u016fm.&#13; &#13; Chlupy budete m\u00edt v\u0161ude a po\u0159\u00e1d. \u010cast\u00e9 kart\u00e1\u010dov\u00e1n\u00ed nezanedb\u00e1vejte. \u010c\u00edm v\u00edce vy\u010de\u0161ete, t\u00edm m\u00e9n\u011b toho zametete nebo vysajete. Celkov\u011b se \u00faklid stane nekone\u010dn\u00fdm p\u0159\u00edb\u011bhem. Ale v\u011b\u0159te tomu, \u017ee ve\u0161ker\u00e9 \u00fasil\u00ed v\u00e1m v\u00e1\u0161 ps\u00ed mil\u00e1\u010dek jist\u011b pln\u00fdmi hrstmi vynahrad\u00ed.&#13;                                                                                                                                                                                                                                                                                                                                                                                         3.2\/5 - (4 votes)        "},{"@context":"https:\/\/schema.org\/","@type":"BreadcrumbList","itemListElement":[{"@type":"ListItem","position":1,"name":"Pes v dom\u011b","item":"https:\/\/www.prawda.cz\/pes-v-dome\/#breadcrumbitem"}]}]