{"@context":"https:\/\/schema.org\/","@type":"CollectionPage","@id":"https:\/\/www.prawda.cz\/produkty\/#CollectionPage","headline":"Produkty Category","description":"","url":"https:\/\/www.prawda.cz\/produkty\/","hasPart":[{"@type":"Article","@id":"https:\/\/www.prawda.cz\/bezdratova-sluchatka\/","headline":"Bezdr\u00e1tov\u00e1 sluch\u00e1tka","url":"https:\/\/www.prawda.cz\/bezdratova-sluchatka\/","datePublished":"2019-07-07","dateModified":"2023-05-05","mainEntityOfPage":"https:\/\/www.prawda.cz\/bezdratova-sluchatka\/","author":{"@type":"Person","@id":"https:\/\/www.prawda.cz\/author\/#Person","name":"","url":"https:\/\/www.prawda.cz\/author\/","identifier":1,"image":{"@type":"ImageObject","@id":"https:\/\/secure.gravatar.com\/avatar\/9994033610bfa8d5c75e7c2dd1b5bdd54900f4ed2e7e5c6722d4887246e31af4?s=96&d=mm&r=g","url":"https:\/\/secure.gravatar.com\/avatar\/9994033610bfa8d5c75e7c2dd1b5bdd54900f4ed2e7e5c6722d4887246e31af4?s=96&d=mm&r=g","height":96,"width":96}},"publisher":{"@type":"Organization","name":"prawda.cz","logo":{"@type":"ImageObject","@id":"\/logo.png","url":"\/logo.png","width":600,"height":60}},"image":{"@type":"ImageObject","@id":"https:\/\/www.prawda.cz\/wp-content\/uploads\/img_a349862_w2565_t1564855476.jpg","url":"https:\/\/www.prawda.cz\/wp-content\/uploads\/img_a349862_w2565_t1564855476.jpg","height":0,"width":0},"keywords":null},{"@type":"Article","@id":"https:\/\/www.prawda.cz\/mohou-nanotechnologie-spasit-svet\/","headline":"Mohou nanotechnologie spasit sv\u011bt?","url":"https:\/\/www.prawda.cz\/mohou-nanotechnologie-spasit-svet\/","datePublished":"2018-09-01","dateModified":"2023-05-05","mainEntityOfPage":"https:\/\/www.prawda.cz\/mohou-nanotechnologie-spasit-svet\/","author":{"@type":"Person","@id":"https:\/\/www.prawda.cz\/author\/#Person","name":"","url":"https:\/\/www.prawda.cz\/author\/","identifier":1,"image":{"@type":"ImageObject","@id":"https:\/\/secure.gravatar.com\/avatar\/9994033610bfa8d5c75e7c2dd1b5bdd54900f4ed2e7e5c6722d4887246e31af4?s=96&d=mm&r=g","url":"https:\/\/secure.gravatar.com\/avatar\/9994033610bfa8d5c75e7c2dd1b5bdd54900f4ed2e7e5c6722d4887246e31af4?s=96&d=mm&r=g","height":96,"width":96}},"publisher":{"@type":"Organization","name":"prawda.cz","logo":{"@type":"ImageObject","@id":"\/logo.png","url":"\/logo.png","width":600,"height":60}},"image":{"@type":"ImageObject","@id":"https:\/\/www.prawda.cz\/wp-content\/uploads\/img_a325226_w2565_t1537089318.jpg","url":"https:\/\/www.prawda.cz\/wp-content\/uploads\/img_a325226_w2565_t1537089318.jpg","height":0,"width":0},"keywords":null},{"@type":"Article","@id":"https:\/\/www.prawda.cz\/rozhodne-se-vyvarujte-hladoveni\/","headline":"Rozhodn\u011b se vyvarujte hladov\u011bn\u00ed","url":"https:\/\/www.prawda.cz\/rozhodne-se-vyvarujte-hladoveni\/","datePublished":"2018-06-18","dateModified":"2023-05-05","mainEntityOfPage":"https:\/\/www.prawda.cz\/rozhodne-se-vyvarujte-hladoveni\/","author":{"@type":"Person","@id":"https:\/\/www.prawda.cz\/author\/#Person","name":"","url":"https:\/\/www.prawda.cz\/author\/","identifier":1,"image":{"@type":"ImageObject","@id":"https:\/\/secure.gravatar.com\/avatar\/9994033610bfa8d5c75e7c2dd1b5bdd54900f4ed2e7e5c6722d4887246e31af4?s=96&d=mm&r=g","url":"https:\/\/secure.gravatar.com\/avatar\/9994033610bfa8d5c75e7c2dd1b5bdd54900f4ed2e7e5c6722d4887246e31af4?s=96&d=mm&r=g","height":96,"width":96}},"publisher":{"@type":"Organization","name":"prawda.cz","logo":{"@type":"ImageObject","@id":"\/logo.png","url":"\/logo.png","width":600,"height":60}},"image":{"@type":"ImageObject","@id":"https:\/\/www.prawda.cz\/wp-content\/uploads\/img_a320164_w2565_t1531385013.jpg","url":"https:\/\/www.prawda.cz\/wp-content\/uploads\/img_a320164_w2565_t1531385013.jpg","height":0,"width":0},"keywords":null},{"@type":"Article","@id":"https:\/\/www.prawda.cz\/diky-reklamnimu-textilu-bude-jasne-s-cim-se-ztotoznujete\/","headline":"D\u00edky reklamn\u00edmu textilu bude jasn\u00e9, s \u010d\u00edm se ztoto\u017e\u0148ujete","url":"https:\/\/www.prawda.cz\/diky-reklamnimu-textilu-bude-jasne-s-cim-se-ztotoznujete\/","datePublished":"2018-04-14","dateModified":"2023-05-05","mainEntityOfPage":"https:\/\/www.prawda.cz\/diky-reklamnimu-textilu-bude-jasne-s-cim-se-ztotoznujete\/","author":{"@type":"Person","@id":"https:\/\/www.prawda.cz\/author\/#Person","name":"","url":"https:\/\/www.prawda.cz\/author\/","identifier":1,"image":{"@type":"ImageObject","@id":"https:\/\/secure.gravatar.com\/avatar\/9994033610bfa8d5c75e7c2dd1b5bdd54900f4ed2e7e5c6722d4887246e31af4?s=96&d=mm&r=g","url":"https:\/\/secure.gravatar.com\/avatar\/9994033610bfa8d5c75e7c2dd1b5bdd54900f4ed2e7e5c6722d4887246e31af4?s=96&d=mm&r=g","height":96,"width":96}},"publisher":{"@type":"Organization","name":"prawda.cz","logo":{"@type":"ImageObject","@id":"\/logo.png","url":"\/logo.png","width":600,"height":60}},"image":{"@type":"ImageObject","@id":"https:\/\/www.prawda.cz\/wp-content\/uploads\/img_a314931_w2565_t1525892656.png","url":"https:\/\/www.prawda.cz\/wp-content\/uploads\/img_a314931_w2565_t1525892656.png","height":0,"width":0},"keywords":null},{"@type":"Article","@id":"https:\/\/www.prawda.cz\/vymena-brzdovych-desticek\/","headline":"V\u00fdm\u011bna brzdov\u00fdch desti\u010dek","url":"https:\/\/www.prawda.cz\/vymena-brzdovych-desticek\/","datePublished":"2018-04-02","dateModified":"2023-05-05","mainEntityOfPage":"https:\/\/www.prawda.cz\/vymena-brzdovych-desticek\/","author":{"@type":"Person","@id":"https:\/\/www.prawda.cz\/author\/#Person","name":"","url":"https:\/\/www.prawda.cz\/author\/","identifier":1,"image":{"@type":"ImageObject","@id":"https:\/\/secure.gravatar.com\/avatar\/9994033610bfa8d5c75e7c2dd1b5bdd54900f4ed2e7e5c6722d4887246e31af4?s=96&d=mm&r=g","url":"https:\/\/secure.gravatar.com\/avatar\/9994033610bfa8d5c75e7c2dd1b5bdd54900f4ed2e7e5c6722d4887246e31af4?s=96&d=mm&r=g","height":96,"width":96}},"publisher":{"@type":"Organization","name":"prawda.cz","logo":{"@type":"ImageObject","@id":"\/logo.png","url":"\/logo.png","width":600,"height":60}},"image":{"@type":"ImageObject","@id":"https:\/\/www.prawda.cz\/wp-content\/uploads\/img_a315347_w2565_t1526285604.jpg","url":"https:\/\/www.prawda.cz\/wp-content\/uploads\/img_a315347_w2565_t1526285604.jpg","height":0,"width":0},"keywords":null},{"@type":"Article","@id":"https:\/\/www.prawda.cz\/kazda-zmena-se-pocita\/","headline":"Ka\u017ed\u00e1 zm\u011bna se po\u010d\u00edt\u00e1","url":"https:\/\/www.prawda.cz\/kazda-zmena-se-pocita\/","datePublished":"2017-10-24","dateModified":"2023-05-05","mainEntityOfPage":"https:\/\/www.prawda.cz\/kazda-zmena-se-pocita\/","author":{"@type":"Person","@id":"https:\/\/www.prawda.cz\/author\/#Person","name":"","url":"https:\/\/www.prawda.cz\/author\/","identifier":1,"image":{"@type":"ImageObject","@id":"https:\/\/secure.gravatar.com\/avatar\/9994033610bfa8d5c75e7c2dd1b5bdd54900f4ed2e7e5c6722d4887246e31af4?s=96&d=mm&r=g","url":"https:\/\/secure.gravatar.com\/avatar\/9994033610bfa8d5c75e7c2dd1b5bdd54900f4ed2e7e5c6722d4887246e31af4?s=96&d=mm&r=g","height":96,"width":96}},"publisher":{"@type":"Organization","name":"prawda.cz","logo":{"@type":"ImageObject","@id":"\/logo.png","url":"\/logo.png","width":600,"height":60}},"image":{"@type":"ImageObject","@id":"https:\/\/www.prawda.cz\/wp-content\/uploads\/img_a307929_w2073_t1519115626.jpg","url":"https:\/\/www.prawda.cz\/wp-content\/uploads\/img_a307929_w2073_t1519115626.jpg","height":0,"width":0},"keywords":null},{"@type":"Article","@id":"https:\/\/www.prawda.cz\/pravidelne-testovat-bazenovou-vodu-je-zakladem-udrzby\/","headline":"Pravideln\u011b testovat baz\u00e9novou vodu je z\u00e1kladem \u00fadr\u017eby","url":"https:\/\/www.prawda.cz\/pravidelne-testovat-bazenovou-vodu-je-zakladem-udrzby\/","datePublished":"2017-08-10","dateModified":"2023-05-05","mainEntityOfPage":"https:\/\/www.prawda.cz\/pravidelne-testovat-bazenovou-vodu-je-zakladem-udrzby\/","author":{"@type":"Person","@id":"https:\/\/www.prawda.cz\/author\/#Person","name":"","url":"https:\/\/www.prawda.cz\/author\/","identifier":1,"image":{"@type":"ImageObject","@id":"https:\/\/secure.gravatar.com\/avatar\/9994033610bfa8d5c75e7c2dd1b5bdd54900f4ed2e7e5c6722d4887246e31af4?s=96&d=mm&r=g","url":"https:\/\/secure.gravatar.com\/avatar\/9994033610bfa8d5c75e7c2dd1b5bdd54900f4ed2e7e5c6722d4887246e31af4?s=96&d=mm&r=g","height":96,"width":96}},"publisher":{"@type":"Organization","name":"prawda.cz","logo":{"@type":"ImageObject","@id":"\/logo.png","url":"\/logo.png","width":600,"height":60}},"image":{"@type":"ImageObject","@id":"https:\/\/www.prawda.cz\/wp-content\/uploads\/img_a297676_w2020_t1508068261.jpg","url":"https:\/\/www.prawda.cz\/wp-content\/uploads\/img_a297676_w2020_t1508068261.jpg","height":0,"width":0},"keywords":null},{"@type":"Article","@id":"https:\/\/www.prawda.cz\/vsadte-na-to-spravne-vozidlo\/","headline":"Vsa\u010fte na to spr\u00e1vn\u00e9 vozidlo","url":"https:\/\/www.prawda.cz\/vsadte-na-to-spravne-vozidlo\/","datePublished":"2017-03-24","dateModified":"2023-05-05","mainEntityOfPage":"https:\/\/www.prawda.cz\/vsadte-na-to-spravne-vozidlo\/","author":{"@type":"Person","@id":"https:\/\/www.prawda.cz\/author\/#Person","name":"","url":"https:\/\/www.prawda.cz\/author\/","identifier":1,"image":{"@type":"ImageObject","@id":"https:\/\/secure.gravatar.com\/avatar\/9994033610bfa8d5c75e7c2dd1b5bdd54900f4ed2e7e5c6722d4887246e31af4?s=96&d=mm&r=g","url":"https:\/\/secure.gravatar.com\/avatar\/9994033610bfa8d5c75e7c2dd1b5bdd54900f4ed2e7e5c6722d4887246e31af4?s=96&d=mm&r=g","height":96,"width":96}},"publisher":{"@type":"Organization","name":"prawda.cz","logo":{"@type":"ImageObject","@id":"\/logo.png","url":"\/logo.png","width":600,"height":60}},"image":null,"keywords":null}]}