[{"@context":"https:\/\/schema.org\/","@type":"Article","@id":"https:\/\/www.prawda.cz\/s-vozem-z-pujcovny-dodavek-praha-v-zime-na-hory\/#Article","mainEntityOfPage":"https:\/\/www.prawda.cz\/s-vozem-z-pujcovny-dodavek-praha-v-zime-na-hory\/","headline":"S vozem z p\u016fj\u010dovny dod\u00e1vek Praha v zim\u011b na hory","name":"S vozem z p\u016fj\u010dovny dod\u00e1vek Praha v zim\u011b na hory","description":"S dod\u00e1vkou na hory Pron\u00e1jem vozidel je slu\u017eba jako ka\u017ed\u00e1 jin\u00e1 a v sou\u010dasn\u00e9 dob\u011b se z\u00e1jem o n\u011b zv\u00fd\u0161il natolik, \u017ee p\u016fj\u010dovny dod\u00e1vek Praha siln\u011b konkuruj\u00ed st\u011bhovac\u00edm firm\u00e1m. Jednou z mo\u017enost\u00ed, na\u010d vozidla s n\u00e1kladov\u00fdm prostorem, o hmotnosti do 3,5 tuny vyu\u017e\u00edt, je pr\u00e1v\u011b st\u011bhov\u00e1n\u00ed. V p\u0159\u00edpad\u011b, \u017ee celou akci dob\u0159e zorganizujete, u\u0161et\u0159\u00edte \u010das, [&hellip;]","datePublished":"2020-09-08","dateModified":"2024-04-30","author":{"@type":"Person","@id":"https:\/\/www.prawda.cz\/author\/#Person","name":"","url":"https:\/\/www.prawda.cz\/author\/","identifier":1,"image":{"@type":"ImageObject","@id":"https:\/\/secure.gravatar.com\/avatar\/9994033610bfa8d5c75e7c2dd1b5bdd54900f4ed2e7e5c6722d4887246e31af4?s=96&d=mm&r=g","url":"https:\/\/secure.gravatar.com\/avatar\/9994033610bfa8d5c75e7c2dd1b5bdd54900f4ed2e7e5c6722d4887246e31af4?s=96&d=mm&r=g","height":96,"width":96}},"publisher":{"@type":"Organization","name":"prawda.cz","logo":{"@type":"ImageObject","@id":"\/logo.png","url":"\/logo.png","width":600,"height":60}},"image":{"@type":"ImageObject","@id":"https:\/\/www.prawda.cz\/wp-content\/uploads\/krkono%C5%A1sk%C3%A1%20magistr%C3%A1la.PNG","url":"https:\/\/www.prawda.cz\/wp-content\/uploads\/krkono%C5%A1sk%C3%A1%20magistr%C3%A1la.PNG","height":0,"width":0},"url":"https:\/\/www.prawda.cz\/s-vozem-z-pujcovny-dodavek-praha-v-zime-na-hory\/","about":["Podnik\u00e1n\u00ed"],"wordCount":423,"articleBody":"     S dod\u00e1vkou na horyPron\u00e1jem vozidel je slu\u017eba jako ka\u017ed\u00e1 jin\u00e1 a v sou\u010dasn\u00e9 dob\u011b se z\u00e1jem o n\u011b zv\u00fd\u0161il natolik, \u017ee p\u016fj\u010dovny dod\u00e1vek Praha  siln\u011b konkuruj\u00ed st\u011bhovac\u00edm firm\u00e1m. Jednou z mo\u017enost\u00ed, na\u010d vozidla s n\u00e1kladov\u00fdm prostorem, o hmotnosti do 3,5 tuny vyu\u017e\u00edt, je pr\u00e1v\u011b st\u011bhov\u00e1n\u00ed. V p\u0159\u00edpad\u011b, \u017ee celou akci dob\u0159e zorganizujete, u\u0161et\u0159\u00edte \u010das, n\u00e1mahu, a hlavn\u011b finance. Stejn\u00fdm zp\u016fsobem lze postupovat i u pron\u00e1jmu voz\u016f pro cesty na dovolenou.Vydat se v l\u00e9t\u011b k mo\u0159i, nebo jen cestovat po vnitrozem\u00ed za p\u0159\u00edrodn\u00edmi kr\u00e1sami v jednom v\u011bt\u0161\u00edm voze je docela b\u011b\u017en\u00e1 z\u00e1le\u017eitost, a p\u016fj\u010dovny tak\u00e9 sv\u00e9 klienty upozor\u0148uj\u00ed, \u017ee b\u00fdvaj\u00ed v letn\u00edch m\u011bs\u00edc\u00edch vozidla zamluvena dlouho dop\u0159edu, v horizontu dn\u016f a\u017e t\u00fddn\u016f. V zim\u011b b\u00fdvaj\u00ed vozidla dostupn\u011bj\u0161\u00ed, ale to zas neplat\u00ed o obdob\u00ed v\u00e1no\u010dn\u00edch sv\u00e1tk\u016f a p\u0159elomu roku.V\u00e1noce a Silvestr na hor\u00e1ch \u2013 to je l\u00e1kav\u00e1 p\u0159edstava nejen pro mlad\u00e9 v\u00fdrostky v part\u011b, ale i pro rodiny s d\u011btmi. Pr\u00e1v\u011b tyto pobyty v horsk\u00fdch st\u0159edisc\u00edch v nejvy\u0161\u0161\u00edch nadmo\u0159sk\u00fdch v\u00fd\u0161k\u00e1ch, kde je st\u00e1le nejv\u011bt\u0161\u00ed \u0161ance, \u017ee napadne p\u0159\u00edrodn\u00ed sn\u00edh, maj\u00ed jedine\u010dn\u00e9 kouzlo, a V\u00e1noce na sn\u011bhu jsou nezapomenuteln\u00fdm z\u00e1\u017eitkem. Zvl\u00e1\u0161t\u011b, pokud si uv\u011bdom\u00edte, \u017ee na ji\u017en\u00ed polokouli v t\u00e9 dob\u011b vrchol\u00ed l\u00e9to, a tuto atmosf\u00e9ru si mohou u\u017e\u00edt pouze lid\u00e9 z \u010d\u00e1sti Evropy, z \u010d\u00e1sti Severn\u00ed Ameriky a z n\u011bkter\u00fdch zem\u00ed b\u00fdval\u00e9ho Sov\u011btsk\u00e9ho svazu.Co pot\u0159ebujete v\u011bd\u011btM\u00e1te-li z\u00e1jem vydat se na hory v part\u011b jedn\u00edm v\u011bt\u0161\u00edm vozem, budete skl\u00e1dat vratnou kauci, rozumn\u00e9 je zajistit si vlastn\u00ed poji\u0161t\u011bn\u00ed pro p\u0159\u00edpad nehody \u010di po\u0161kozen\u00ed vozu. V\u00fdhodn\u00e9 je st\u0159\u00eddat se v \u0159\u00edzen\u00ed a eliminovat tak stres a hlavn\u011b si uv\u011bdomit, \u017ee zimn\u00ed silnice, zvl\u00e1\u0161t\u011b na hor\u00e1ch, vy\u017eaduj\u00ed v\u00edce pozornosti, opatrn\u011bj\u0161\u00ed j\u00edzdu, p\u0159\u00edpadn\u011b sn\u011bhov\u00e9 \u0159et\u011bzy. Pokud jste nikdy takov\u00fd v\u016fz ne\u0159\u00eddili, vyzkou\u0161ejte jeho j\u00edzdn\u00ed vlastnosti nejprve n\u011bkde na odlehl\u00e9m m\u00edst\u011b, ne\u017e vyraz\u00edte na dlouhou cestu do horsk\u00e9ho ter\u00e9nu.                                                                                                                                                                                                                                                                                                                                                                                          4.3\/5 - (7 votes)        "},{"@context":"https:\/\/schema.org\/","@type":"BreadcrumbList","itemListElement":[{"@type":"ListItem","position":1,"name":"S vozem z p\u016fj\u010dovny dod\u00e1vek Praha v zim\u011b na hory","item":"https:\/\/www.prawda.cz\/s-vozem-z-pujcovny-dodavek-praha-v-zime-na-hory\/#breadcrumbitem"}]}]